{"id":441,"date":"2023-01-12T10:35:10","date_gmt":"2023-01-12T13:35:10","guid":{"rendered":"https:\/\/leoroberto.com.br\/?p=441"},"modified":"2023-01-12T10:35:10","modified_gmt":"2023-01-12T13:35:10","slug":"empresario-leo-roberto-em-nova-acao-social","status":"publish","type":"post","link":"https:\/\/leoroberto.com.br\/?p=441","title":{"rendered":"Empres\u00e1rio L\u00e9o Roberto Em Nova A\u00e7\u00e3o Social"},"content":{"rendered":"\n<figure class=\"wp-block-image size-full\"><img fetchpriority=\"high\" decoding=\"async\" width=\"750\" height=\"428\" src=\"https:\/\/leoroberto.com.br\/wp-content\/uploads\/2023\/01\/Leo-Roberto-em-acao-social-1-1.jpeg\" alt=\"\" class=\"wp-image-442\" srcset=\"https:\/\/leoroberto.com.br\/wp-content\/uploads\/2023\/01\/Leo-Roberto-em-acao-social-1-1.jpeg 750w, https:\/\/leoroberto.com.br\/wp-content\/uploads\/2023\/01\/Leo-Roberto-em-acao-social-1-1-300x171.jpeg 300w\" sizes=\"(max-width: 750px) 100vw, 750px\" \/><\/figure>\n\n\n\n<p><br>Desta vez o empres\u00e1rio distribuiu mais de 130 cestas b\u00e1sicas<\/p>\n\n\n\n<p>Nesta quarta-feira (21), L\u00e9o Roberto esteve na comunidade Infante, na Vila Matilde, em S\u00e3o Paulo, e ajudou as fam\u00edlias locais com mais de 130 cestas b\u00e1sicas, em apoio ao projeto social desenvolvido na regi\u00e3o por Cauan Felipe Rosa e Renata Reis Santos.<br><br>Engana-se quem pensa que esta \u00e9 uma a\u00e7\u00e3o pontual do empres\u00e1rio, como ele mesmo conta:<br><br>\u201cFaz 20 anos que trabalho e colaboro com projetos sociais, gosto muito de ajudar as pessoas. Minha motiva\u00e7\u00e3o \u00e9 porque acredito que esse seja um dom de Deus na minha vida: ELE me aben\u00e7oa para que eu consiga aben\u00e7oar outras pessoas.\u201d<\/p>\n\n\n\n<figure class=\"wp-block-image size-full\"><img decoding=\"async\" width=\"627\" height=\"650\" src=\"https:\/\/leoroberto.com.br\/wp-content\/uploads\/2023\/01\/LeoRoberto2-1.jpg\" alt=\"\" class=\"wp-image-443\" srcset=\"https:\/\/leoroberto.com.br\/wp-content\/uploads\/2023\/01\/LeoRoberto2-1.jpg 627w, https:\/\/leoroberto.com.br\/wp-content\/uploads\/2023\/01\/LeoRoberto2-1-289x300.jpg 289w\" sizes=\"(max-width: 627px) 100vw, 627px\" \/><\/figure>\n\n\n\n<p><br><br>L\u00e9o \u00e9 o idealizador do projeto \u201cTiro Sobre Rodas\u201d, onde treina o amigo F\u00e1bio Casitas para participar da pr\u00f3xima paraolimp\u00edadas na modalidade tiro esportivo. O projeto \u00e9 pioneiro nessa \u00e1rea e abre espa\u00e7o para a inser\u00e7\u00e3o dos deficientes no esporte.<br><br>\u201cExistem pessoas que precisam de ajuda, precisam que algu\u00e9m seja o primeiro a estender a m\u00e3o, ent\u00e3o me sinto privilegiado de fazer isso, como eu disse, \u00e9 um dom ser aben\u00e7oador\u201d, explica o empres\u00e1rio.<br>Al\u00e9m dessa consci\u00eancia social, L\u00e9o tamb\u00e9m se jogou no mundo digital e est\u00e1 \u00e0 frente do Podcast Podtchaaa, onde traz convidados de diversas \u00e1reas para um bate papo informal e descontra\u00eddo.<\/p>\n\n\n\n<h2 class=\"wp-block-heading\">Na M\u00eddia<\/h2>\n\n\n\n<p><a href=\"https:\/\/bsbflash.com.br\/empresario-leo-roberto-em-nova-acao-social\/\">Bsb Flash<\/a><\/p>\n\n\n\n<p><a href=\"https:\/\/clickfato.com.br\/empresario-leo-roberto-em-nova-acao-social\/\">Click Fato<\/a><\/p>\n\n\n\n<p><a href=\"https:\/\/radiorubi.com.br\/noticia\/520660\/empresario-leo-roberto-em-nova-acao-social\">R\u00e1dio Rubi<\/a><\/p>\n\n\n\n<p><a href=\"https:\/\/www.portalmaismidia.com.br\/empresario-leo-roberto-em-nova-acao-social\/\">Portal Mais M\u00eddia<\/a><\/p>\n\n\n\n<p><a href=\"https:\/\/jornalnoticiasdobrasil.com.br\/empresario-leo-roberto-em-nova-acao-social\/\">Jornal Not\u00edcias do Brasil<\/a><\/p>\n\n\n\n<p><a href=\"https:\/\/jornaldosfamosos.com.br\/empresario-leo-roberto-em-nova-acao-social\/\">Jornal dos Famosos<\/a><\/p>\n\n\n\n<p><a href=\"https:\/\/gazetanacional.com.br\/empresario-leo-roberto-em-nova-acao-social\/\">Gazeta Nacional<\/a><\/p>\n\n\n\n<p><a href=\"https:\/\/diariodafama.com.br\/geral\/empresario-leo-roberto-em-nova-acao-social\/\">Di\u00e1rio da Fama<\/a><\/p>\n\n\n\n<p><\/p>\n\n\n\n<p><\/p>\n","protected":false},"excerpt":{"rendered":"<p>Desta vez o empres\u00e1rio distribuiu mais de 130 cestas b\u00e1sicas Nesta quarta-feira (21), L\u00e9o Roberto esteve na comunidade Infante, na Vila Matilde, em S\u00e3o Paulo, e ajudou as fam\u00edlias locais com mais de 130 cestas b\u00e1sicas, em apoio ao projeto social desenvolvido na regi\u00e3o por Cauan Felipe Rosa e Renata Reis Santos. Engana-se quem pensa que esta \u00e9 uma a\u00e7\u00e3o pontual do empres\u00e1rio, como ele mesmo conta: \u201cFaz 20 anos que trabalho e colaboro com projetos sociais, gosto muito de ajudar as pessoas. Minha motiva\u00e7\u00e3o \u00e9 porque acredito que esse seja um dom de Deus na minha vida: ELE me aben\u00e7oa para que eu consiga aben\u00e7oar outras pessoas.\u201d L\u00e9o \u00e9 o idealizador do projeto \u201cTiro Sobre Rodas\u201d, onde treina o amigo F\u00e1bio Casitas para participar da pr\u00f3xima paraolimp\u00edadas na modalidade tiro esportivo. O projeto \u00e9 pioneiro nessa \u00e1rea e abre espa\u00e7o para a inser\u00e7\u00e3o dos deficientes no esporte. \u201cExistem pessoas que precisam de ajuda, precisam que algu\u00e9m seja o primeiro a estender a m\u00e3o, ent\u00e3o me sinto privilegiado de fazer isso, como eu disse, \u00e9 um dom ser aben\u00e7oador\u201d, explica o empres\u00e1rio.Al\u00e9m dessa consci\u00eancia social, L\u00e9o tamb\u00e9m se jogou no mundo digital e est\u00e1 \u00e0 frente do Podcast Podtchaaa, onde traz convidados de diversas \u00e1reas para um bate papo informal e descontra\u00eddo. Na M\u00eddia Bsb Flash Click Fato R\u00e1dio Rubi Portal Mais M\u00eddia Jornal Not\u00edcias do Brasil Jornal dos Famosos Gazeta Nacional Di\u00e1rio da Fama<\/p>\n","protected":false},"author":1,"featured_media":440,"comment_status":"open","ping_status":"open","sticky":false,"template":"","format":"standard","meta":{"_joinchat":[],"footnotes":""},"categories":[57],"tags":[73,74,75,44,64,76,77,48],"class_list":["post-441","post","type-post","status-publish","format-standard","has-post-thumbnail","hentry","category-imprensa","tag-acao-social","tag-cauan-felipe-rosa","tag-comunidade-infante","tag-leo-roberto","tag-podtchaaa","tag-projeto-social","tag-renata-reis-santos","tag-tiro-esportivo"],"yoast_head":"<!-- This site is optimized with the Yoast SEO plugin v27.5 - https:\/\/yoast.com\/product\/yoast-seo-wordpress\/ -->\n<title>Empres\u00e1rio L\u00e9o Roberto Em Nova A\u00e7\u00e3o Social - Leo Roberto<\/title>\n<meta name=\"robots\" content=\"index, follow, max-snippet:-1, max-image-preview:large, max-video-preview:-1\" \/>\n<link rel=\"canonical\" href=\"https:\/\/leoroberto.com.br\/?p=441\" \/>\n<meta property=\"og:locale\" content=\"pt_BR\" \/>\n<meta property=\"og:type\" content=\"article\" \/>\n<meta property=\"og:title\" content=\"Empres\u00e1rio L\u00e9o Roberto Em Nova A\u00e7\u00e3o Social - Leo Roberto\" \/>\n<meta property=\"og:description\" content=\"Desta vez o empres\u00e1rio distribuiu mais de 130 cestas b\u00e1sicas Nesta quarta-feira (21), L\u00e9o Roberto esteve na comunidade Infante, na Vila Matilde, em S\u00e3o Paulo, e ajudou as fam\u00edlias locais com mais de 130 cestas b\u00e1sicas, em apoio ao projeto social desenvolvido na regi\u00e3o por Cauan Felipe Rosa e Renata Reis Santos. Engana-se quem pensa que esta \u00e9 uma a\u00e7\u00e3o pontual do empres\u00e1rio, como ele mesmo conta: \u201cFaz 20 anos que trabalho e colaboro com projetos sociais, gosto muito de ajudar as pessoas. Minha motiva\u00e7\u00e3o \u00e9 porque acredito que esse seja um dom de Deus na minha vida: ELE me aben\u00e7oa para que eu consiga aben\u00e7oar outras pessoas.\u201d L\u00e9o \u00e9 o idealizador do projeto \u201cTiro Sobre Rodas\u201d, onde treina o amigo F\u00e1bio Casitas para participar da pr\u00f3xima paraolimp\u00edadas na modalidade tiro esportivo. O projeto \u00e9 pioneiro nessa \u00e1rea e abre espa\u00e7o para a inser\u00e7\u00e3o dos deficientes no esporte. \u201cExistem pessoas que precisam de ajuda, precisam que algu\u00e9m seja o primeiro a estender a m\u00e3o, ent\u00e3o me sinto privilegiado de fazer isso, como eu disse, \u00e9 um dom ser aben\u00e7oador\u201d, explica o empres\u00e1rio.Al\u00e9m dessa consci\u00eancia social, L\u00e9o tamb\u00e9m se jogou no mundo digital e est\u00e1 \u00e0 frente do Podcast Podtchaaa, onde traz convidados de diversas \u00e1reas para um bate papo informal e descontra\u00eddo. Na M\u00eddia Bsb Flash Click Fato R\u00e1dio Rubi Portal Mais M\u00eddia Jornal Not\u00edcias do Brasil Jornal dos Famosos Gazeta Nacional Di\u00e1rio da Fama\" \/>\n<meta property=\"og:url\" content=\"https:\/\/leoroberto.com.br\/?p=441\" \/>\n<meta property=\"og:site_name\" content=\"Leo Roberto\" \/>\n<meta property=\"article:published_time\" content=\"2023-01-12T13:35:10+00:00\" \/>\n<meta property=\"og:image\" content=\"https:\/\/leoroberto.com.br\/wp-content\/uploads\/2023\/01\/Leo-Roberto-em-acao-social-2.jpeg\" \/>\n\t<meta property=\"og:image:width\" content=\"750\" \/>\n\t<meta property=\"og:image:height\" content=\"428\" \/>\n\t<meta property=\"og:image:type\" content=\"image\/jpeg\" \/>\n<meta name=\"author\" content=\"Leo\" \/>\n<meta name=\"twitter:card\" content=\"summary_large_image\" \/>\n<meta name=\"twitter:label1\" content=\"Escrito por\" \/>\n\t<meta name=\"twitter:data1\" content=\"Leo\" \/>\n\t<meta name=\"twitter:label2\" content=\"Est. tempo de leitura\" \/>\n\t<meta name=\"twitter:data2\" content=\"1 minuto\" \/>\n<script type=\"application\/ld+json\" class=\"yoast-schema-graph\">{\"@context\":\"https:\\\/\\\/schema.org\",\"@graph\":[{\"@type\":\"Article\",\"@id\":\"https:\\\/\\\/leoroberto.com.br\\\/?p=441#article\",\"isPartOf\":{\"@id\":\"https:\\\/\\\/leoroberto.com.br\\\/?p=441\"},\"author\":{\"name\":\"Leo\",\"@id\":\"https:\\\/\\\/leoroberto.com.br\\\/#\\\/schema\\\/person\\\/7db1b3dfd36447d956e3b457dfcd1145\"},\"headline\":\"Empres\u00e1rio L\u00e9o Roberto Em Nova A\u00e7\u00e3o Social\",\"datePublished\":\"2023-01-12T13:35:10+00:00\",\"mainEntityOfPage\":{\"@id\":\"https:\\\/\\\/leoroberto.com.br\\\/?p=441\"},\"wordCount\":269,\"commentCount\":0,\"publisher\":{\"@id\":\"https:\\\/\\\/leoroberto.com.br\\\/#organization\"},\"image\":{\"@id\":\"https:\\\/\\\/leoroberto.com.br\\\/?p=441#primaryimage\"},\"thumbnailUrl\":\"https:\\\/\\\/leoroberto.com.br\\\/wp-content\\\/uploads\\\/2023\\\/01\\\/Leo-Roberto-em-acao-social-2.jpeg\",\"keywords\":[\"A\u00e7\u00e3o Social\",\"Cauan Felipe Rosa\",\"Comunidade Infante\",\"Leo Roberto\",\"PODTCHAAA\",\"projeto social\",\"Renata Reis Santos\",\"Tiro Esportivo\"],\"articleSection\":[\"Imprensa\"],\"inLanguage\":\"pt-BR\",\"potentialAction\":[{\"@type\":\"CommentAction\",\"name\":\"Comment\",\"target\":[\"https:\\\/\\\/leoroberto.com.br\\\/?p=441#respond\"]}]},{\"@type\":\"WebPage\",\"@id\":\"https:\\\/\\\/leoroberto.com.br\\\/?p=441\",\"url\":\"https:\\\/\\\/leoroberto.com.br\\\/?p=441\",\"name\":\"Empres\u00e1rio L\u00e9o Roberto Em Nova A\u00e7\u00e3o Social - Leo Roberto\",\"isPartOf\":{\"@id\":\"https:\\\/\\\/leoroberto.com.br\\\/#website\"},\"primaryImageOfPage\":{\"@id\":\"https:\\\/\\\/leoroberto.com.br\\\/?p=441#primaryimage\"},\"image\":{\"@id\":\"https:\\\/\\\/leoroberto.com.br\\\/?p=441#primaryimage\"},\"thumbnailUrl\":\"https:\\\/\\\/leoroberto.com.br\\\/wp-content\\\/uploads\\\/2023\\\/01\\\/Leo-Roberto-em-acao-social-2.jpeg\",\"datePublished\":\"2023-01-12T13:35:10+00:00\",\"breadcrumb\":{\"@id\":\"https:\\\/\\\/leoroberto.com.br\\\/?p=441#breadcrumb\"},\"inLanguage\":\"pt-BR\",\"potentialAction\":[{\"@type\":\"ReadAction\",\"target\":[\"https:\\\/\\\/leoroberto.com.br\\\/?p=441\"]}]},{\"@type\":\"ImageObject\",\"inLanguage\":\"pt-BR\",\"@id\":\"https:\\\/\\\/leoroberto.com.br\\\/?p=441#primaryimage\",\"url\":\"https:\\\/\\\/leoroberto.com.br\\\/wp-content\\\/uploads\\\/2023\\\/01\\\/Leo-Roberto-em-acao-social-2.jpeg\",\"contentUrl\":\"https:\\\/\\\/leoroberto.com.br\\\/wp-content\\\/uploads\\\/2023\\\/01\\\/Leo-Roberto-em-acao-social-2.jpeg\",\"width\":750,\"height\":428},{\"@type\":\"BreadcrumbList\",\"@id\":\"https:\\\/\\\/leoroberto.com.br\\\/?p=441#breadcrumb\",\"itemListElement\":[{\"@type\":\"ListItem\",\"position\":1,\"name\":\"In\u00edcio\",\"item\":\"https:\\\/\\\/leoroberto.com.br\\\/\"},{\"@type\":\"ListItem\",\"position\":2,\"name\":\"Empres\u00e1rio L\u00e9o Roberto Em Nova A\u00e7\u00e3o Social\"}]},{\"@type\":\"WebSite\",\"@id\":\"https:\\\/\\\/leoroberto.com.br\\\/#website\",\"url\":\"https:\\\/\\\/leoroberto.com.br\\\/\",\"name\":\"Leo Roberto\",\"description\":\"Candidato a vereador por S\u00e3o Paulo\",\"publisher\":{\"@id\":\"https:\\\/\\\/leoroberto.com.br\\\/#organization\"},\"potentialAction\":[{\"@type\":\"SearchAction\",\"target\":{\"@type\":\"EntryPoint\",\"urlTemplate\":\"https:\\\/\\\/leoroberto.com.br\\\/?s={search_term_string}\"},\"query-input\":{\"@type\":\"PropertyValueSpecification\",\"valueRequired\":true,\"valueName\":\"search_term_string\"}}],\"inLanguage\":\"pt-BR\"},{\"@type\":\"Organization\",\"@id\":\"https:\\\/\\\/leoroberto.com.br\\\/#organization\",\"name\":\"Leo Roberto\",\"url\":\"https:\\\/\\\/leoroberto.com.br\\\/\",\"logo\":{\"@type\":\"ImageObject\",\"inLanguage\":\"pt-BR\",\"@id\":\"https:\\\/\\\/leoroberto.com.br\\\/#\\\/schema\\\/logo\\\/image\\\/\",\"url\":\"https:\\\/\\\/leoroberto.com.br\\\/wp-content\\\/uploads\\\/2024\\\/08\\\/cropped-logo-brasil.png\",\"contentUrl\":\"https:\\\/\\\/leoroberto.com.br\\\/wp-content\\\/uploads\\\/2024\\\/08\\\/cropped-logo-brasil.png\",\"width\":2094,\"height\":599,\"caption\":\"Leo Roberto\"},\"image\":{\"@id\":\"https:\\\/\\\/leoroberto.com.br\\\/#\\\/schema\\\/logo\\\/image\\\/\"},\"sameAs\":[\"https:\\\/\\\/www.youtube.com\\\/@Leorobertosp\"]},{\"@type\":\"Person\",\"@id\":\"https:\\\/\\\/leoroberto.com.br\\\/#\\\/schema\\\/person\\\/7db1b3dfd36447d956e3b457dfcd1145\",\"name\":\"Leo\",\"image\":{\"@type\":\"ImageObject\",\"inLanguage\":\"pt-BR\",\"@id\":\"https:\\\/\\\/secure.gravatar.com\\\/avatar\\\/f01d49d593b2ca6567fd844ac125d93a9b7aa8e6027bab1e465ae3511a84a7b8?s=96&d=mm&r=g\",\"url\":\"https:\\\/\\\/secure.gravatar.com\\\/avatar\\\/f01d49d593b2ca6567fd844ac125d93a9b7aa8e6027bab1e465ae3511a84a7b8?s=96&d=mm&r=g\",\"contentUrl\":\"https:\\\/\\\/secure.gravatar.com\\\/avatar\\\/f01d49d593b2ca6567fd844ac125d93a9b7aa8e6027bab1e465ae3511a84a7b8?s=96&d=mm&r=g\",\"caption\":\"Leo\"},\"sameAs\":[\"https:\\\/\\\/leoroberto.com.br\"],\"url\":\"https:\\\/\\\/leoroberto.com.br\\\/?author=1\"}]}<\/script>\n<!-- \/ Yoast SEO plugin. -->","yoast_head_json":{"title":"Empres\u00e1rio L\u00e9o Roberto Em Nova A\u00e7\u00e3o Social - Leo Roberto","robots":{"index":"index","follow":"follow","max-snippet":"max-snippet:-1","max-image-preview":"max-image-preview:large","max-video-preview":"max-video-preview:-1"},"canonical":"https:\/\/leoroberto.com.br\/?p=441","og_locale":"pt_BR","og_type":"article","og_title":"Empres\u00e1rio L\u00e9o Roberto Em Nova A\u00e7\u00e3o Social - Leo Roberto","og_description":"Desta vez o empres\u00e1rio distribuiu mais de 130 cestas b\u00e1sicas Nesta quarta-feira (21), L\u00e9o Roberto esteve na comunidade Infante, na Vila Matilde, em S\u00e3o Paulo, e ajudou as fam\u00edlias locais com mais de 130 cestas b\u00e1sicas, em apoio ao projeto social desenvolvido na regi\u00e3o por Cauan Felipe Rosa e Renata Reis Santos. Engana-se quem pensa que esta \u00e9 uma a\u00e7\u00e3o pontual do empres\u00e1rio, como ele mesmo conta: \u201cFaz 20 anos que trabalho e colaboro com projetos sociais, gosto muito de ajudar as pessoas. Minha motiva\u00e7\u00e3o \u00e9 porque acredito que esse seja um dom de Deus na minha vida: ELE me aben\u00e7oa para que eu consiga aben\u00e7oar outras pessoas.\u201d L\u00e9o \u00e9 o idealizador do projeto \u201cTiro Sobre Rodas\u201d, onde treina o amigo F\u00e1bio Casitas para participar da pr\u00f3xima paraolimp\u00edadas na modalidade tiro esportivo. O projeto \u00e9 pioneiro nessa \u00e1rea e abre espa\u00e7o para a inser\u00e7\u00e3o dos deficientes no esporte. \u201cExistem pessoas que precisam de ajuda, precisam que algu\u00e9m seja o primeiro a estender a m\u00e3o, ent\u00e3o me sinto privilegiado de fazer isso, como eu disse, \u00e9 um dom ser aben\u00e7oador\u201d, explica o empres\u00e1rio.Al\u00e9m dessa consci\u00eancia social, L\u00e9o tamb\u00e9m se jogou no mundo digital e est\u00e1 \u00e0 frente do Podcast Podtchaaa, onde traz convidados de diversas \u00e1reas para um bate papo informal e descontra\u00eddo. Na M\u00eddia Bsb Flash Click Fato R\u00e1dio Rubi Portal Mais M\u00eddia Jornal Not\u00edcias do Brasil Jornal dos Famosos Gazeta Nacional Di\u00e1rio da Fama","og_url":"https:\/\/leoroberto.com.br\/?p=441","og_site_name":"Leo Roberto","article_published_time":"2023-01-12T13:35:10+00:00","og_image":[{"width":750,"height":428,"url":"https:\/\/leoroberto.com.br\/wp-content\/uploads\/2023\/01\/Leo-Roberto-em-acao-social-2.jpeg","type":"image\/jpeg"}],"author":"Leo","twitter_card":"summary_large_image","twitter_misc":{"Escrito por":"Leo","Est. tempo de leitura":"1 minuto"},"schema":{"@context":"https:\/\/schema.org","@graph":[{"@type":"Article","@id":"https:\/\/leoroberto.com.br\/?p=441#article","isPartOf":{"@id":"https:\/\/leoroberto.com.br\/?p=441"},"author":{"name":"Leo","@id":"https:\/\/leoroberto.com.br\/#\/schema\/person\/7db1b3dfd36447d956e3b457dfcd1145"},"headline":"Empres\u00e1rio L\u00e9o Roberto Em Nova A\u00e7\u00e3o Social","datePublished":"2023-01-12T13:35:10+00:00","mainEntityOfPage":{"@id":"https:\/\/leoroberto.com.br\/?p=441"},"wordCount":269,"commentCount":0,"publisher":{"@id":"https:\/\/leoroberto.com.br\/#organization"},"image":{"@id":"https:\/\/leoroberto.com.br\/?p=441#primaryimage"},"thumbnailUrl":"https:\/\/leoroberto.com.br\/wp-content\/uploads\/2023\/01\/Leo-Roberto-em-acao-social-2.jpeg","keywords":["A\u00e7\u00e3o Social","Cauan Felipe Rosa","Comunidade Infante","Leo Roberto","PODTCHAAA","projeto social","Renata Reis Santos","Tiro Esportivo"],"articleSection":["Imprensa"],"inLanguage":"pt-BR","potentialAction":[{"@type":"CommentAction","name":"Comment","target":["https:\/\/leoroberto.com.br\/?p=441#respond"]}]},{"@type":"WebPage","@id":"https:\/\/leoroberto.com.br\/?p=441","url":"https:\/\/leoroberto.com.br\/?p=441","name":"Empres\u00e1rio L\u00e9o Roberto Em Nova A\u00e7\u00e3o Social - Leo Roberto","isPartOf":{"@id":"https:\/\/leoroberto.com.br\/#website"},"primaryImageOfPage":{"@id":"https:\/\/leoroberto.com.br\/?p=441#primaryimage"},"image":{"@id":"https:\/\/leoroberto.com.br\/?p=441#primaryimage"},"thumbnailUrl":"https:\/\/leoroberto.com.br\/wp-content\/uploads\/2023\/01\/Leo-Roberto-em-acao-social-2.jpeg","datePublished":"2023-01-12T13:35:10+00:00","breadcrumb":{"@id":"https:\/\/leoroberto.com.br\/?p=441#breadcrumb"},"inLanguage":"pt-BR","potentialAction":[{"@type":"ReadAction","target":["https:\/\/leoroberto.com.br\/?p=441"]}]},{"@type":"ImageObject","inLanguage":"pt-BR","@id":"https:\/\/leoroberto.com.br\/?p=441#primaryimage","url":"https:\/\/leoroberto.com.br\/wp-content\/uploads\/2023\/01\/Leo-Roberto-em-acao-social-2.jpeg","contentUrl":"https:\/\/leoroberto.com.br\/wp-content\/uploads\/2023\/01\/Leo-Roberto-em-acao-social-2.jpeg","width":750,"height":428},{"@type":"BreadcrumbList","@id":"https:\/\/leoroberto.com.br\/?p=441#breadcrumb","itemListElement":[{"@type":"ListItem","position":1,"name":"In\u00edcio","item":"https:\/\/leoroberto.com.br\/"},{"@type":"ListItem","position":2,"name":"Empres\u00e1rio L\u00e9o Roberto Em Nova A\u00e7\u00e3o Social"}]},{"@type":"WebSite","@id":"https:\/\/leoroberto.com.br\/#website","url":"https:\/\/leoroberto.com.br\/","name":"Leo Roberto","description":"Candidato a vereador por S\u00e3o Paulo","publisher":{"@id":"https:\/\/leoroberto.com.br\/#organization"},"potentialAction":[{"@type":"SearchAction","target":{"@type":"EntryPoint","urlTemplate":"https:\/\/leoroberto.com.br\/?s={search_term_string}"},"query-input":{"@type":"PropertyValueSpecification","valueRequired":true,"valueName":"search_term_string"}}],"inLanguage":"pt-BR"},{"@type":"Organization","@id":"https:\/\/leoroberto.com.br\/#organization","name":"Leo Roberto","url":"https:\/\/leoroberto.com.br\/","logo":{"@type":"ImageObject","inLanguage":"pt-BR","@id":"https:\/\/leoroberto.com.br\/#\/schema\/logo\/image\/","url":"https:\/\/leoroberto.com.br\/wp-content\/uploads\/2024\/08\/cropped-logo-brasil.png","contentUrl":"https:\/\/leoroberto.com.br\/wp-content\/uploads\/2024\/08\/cropped-logo-brasil.png","width":2094,"height":599,"caption":"Leo Roberto"},"image":{"@id":"https:\/\/leoroberto.com.br\/#\/schema\/logo\/image\/"},"sameAs":["https:\/\/www.youtube.com\/@Leorobertosp"]},{"@type":"Person","@id":"https:\/\/leoroberto.com.br\/#\/schema\/person\/7db1b3dfd36447d956e3b457dfcd1145","name":"Leo","image":{"@type":"ImageObject","inLanguage":"pt-BR","@id":"https:\/\/secure.gravatar.com\/avatar\/f01d49d593b2ca6567fd844ac125d93a9b7aa8e6027bab1e465ae3511a84a7b8?s=96&d=mm&r=g","url":"https:\/\/secure.gravatar.com\/avatar\/f01d49d593b2ca6567fd844ac125d93a9b7aa8e6027bab1e465ae3511a84a7b8?s=96&d=mm&r=g","contentUrl":"https:\/\/secure.gravatar.com\/avatar\/f01d49d593b2ca6567fd844ac125d93a9b7aa8e6027bab1e465ae3511a84a7b8?s=96&d=mm&r=g","caption":"Leo"},"sameAs":["https:\/\/leoroberto.com.br"],"url":"https:\/\/leoroberto.com.br\/?author=1"}]}},"_links":{"self":[{"href":"https:\/\/leoroberto.com.br\/index.php?rest_route=\/wp\/v2\/posts\/441","targetHints":{"allow":["GET"]}}],"collection":[{"href":"https:\/\/leoroberto.com.br\/index.php?rest_route=\/wp\/v2\/posts"}],"about":[{"href":"https:\/\/leoroberto.com.br\/index.php?rest_route=\/wp\/v2\/types\/post"}],"author":[{"embeddable":true,"href":"https:\/\/leoroberto.com.br\/index.php?rest_route=\/wp\/v2\/users\/1"}],"replies":[{"embeddable":true,"href":"https:\/\/leoroberto.com.br\/index.php?rest_route=%2Fwp%2Fv2%2Fcomments&post=441"}],"version-history":[{"count":0,"href":"https:\/\/leoroberto.com.br\/index.php?rest_route=\/wp\/v2\/posts\/441\/revisions"}],"wp:featuredmedia":[{"embeddable":true,"href":"https:\/\/leoroberto.com.br\/index.php?rest_route=\/wp\/v2\/media\/440"}],"wp:attachment":[{"href":"https:\/\/leoroberto.com.br\/index.php?rest_route=%2Fwp%2Fv2%2Fmedia&parent=441"}],"wp:term":[{"taxonomy":"category","embeddable":true,"href":"https:\/\/leoroberto.com.br\/index.php?rest_route=%2Fwp%2Fv2%2Fcategories&post=441"},{"taxonomy":"post_tag","embeddable":true,"href":"https:\/\/leoroberto.com.br\/index.php?rest_route=%2Fwp%2Fv2%2Ftags&post=441"}],"curies":[{"name":"wp","href":"https:\/\/api.w.org\/{rel}","templated":true}]}}